{"id":5903,"date":"2025-06-27T11:43:57","date_gmt":"2025-06-27T11:43:57","guid":{"rendered":"http:\/\/agrupamento.dpedro.net\/?p=5903"},"modified":"2025-09-11T09:37:21","modified_gmt":"2025-09-11T09:37:21","slug":"ementas-programa-gaiaaprende-ferias-de-verao","status":"publish","type":"post","link":"https:\/\/agrupamento.dpedro.net\/?p=5903","title":{"rendered":"Ementas programa GAIAaprende+ F\u00e9rias de Ver\u00e3o"},"content":{"rendered":"<h2><img fetchpriority=\"high\" decoding=\"async\" class=\" wp-image-5904 alignleft\" src=\"http:\/\/agrupamento.dpedro.net\/wp-content\/uploads\/2025\/06\/cartaz_gaiaaprendemaisil_24_25_cartaza3_versao_corrigida-212x300.jpg\" alt=\"\" width=\"288\" height=\"407\" \/><\/h2>\n<h2 style=\"text-align: center;\">EMENTAS<\/h2>\n<p style=\"text-align: center;\"><strong>programa GAIAaprende + f\u00e9rias de ver\u00e3o<\/strong><\/p>\n<p style=\"text-align: center;\">30 de junho a 5 de setembro de 2025<\/p>\n<ul>\n<li><a href=\"http:\/\/agrupamento.dpedro.net\/wp-content\/uploads\/2025\/06\/Ementa-Mun.-Gaia-intolera\u0302ncia-glu\u0301ten-30junho-a-05setembro.pdf\">Intoler\u00e2ncia ao Gl\u00faten (30\/06 a 05\/09)<\/a><\/li>\n<li><a href=\"http:\/\/agrupamento.dpedro.net\/wp-content\/uploads\/2025\/06\/Ementa-Mun.-Gaia-intolera\u0302ncia-lactose-30junho-a-05setembro.pdf\">Intoler\u00e2ncia ao Lactose (30\/06 a 05\/09)<\/a><\/li>\n<li><a href=\"http:\/\/agrupamento.dpedro.net\/wp-content\/uploads\/2025\/06\/Junho-30-Julho-4.pdf\">30 de junho a 04 de julho<\/a><\/li>\n<li><a href=\"http:\/\/agrupamento.dpedro.net\/wp-content\/uploads\/2025\/06\/Julho-7-Julho-11.pdf\">07 de julho a 11 de julho<\/a><\/li>\n<li><a href=\"http:\/\/agrupamento.dpedro.net\/wp-content\/uploads\/2025\/06\/Julho-14-Julho-18.pdf\">14 de julho a 18 de julho<\/a><\/li>\n<li><a href=\"http:\/\/agrupamento.dpedro.net\/wp-content\/uploads\/2025\/06\/Julho-21-Julho-25.pdf\">21 de julho a 25 de julho<\/a><\/li>\n<li><a href=\"http:\/\/agrupamento.dpedro.net\/wp-content\/uploads\/2025\/06\/Julho-28-Agosto-1.pdf\">28 de julho a 01 de agosto<\/a><\/li>\n<li><a href=\"http:\/\/agrupamento.dpedro.net\/wp-content\/uploads\/2025\/06\/Agosto-4-Agosto-8.pdf\">04 de agosto a 08 de agosto<\/a><\/li>\n<li><a href=\"http:\/\/agrupamento.dpedro.net\/wp-content\/uploads\/2025\/06\/Agosto-11-Agosto-15.pdf\">11 de agosto a 15 de agosto<\/a><\/li>\n<li><a href=\"http:\/\/agrupamento.dpedro.net\/wp-content\/uploads\/2025\/06\/Agosto-18-Agosto-22.pdf\">18 de agosto a 22 de agosto<\/a><\/li>\n<li><a href=\"http:\/\/agrupamento.dpedro.net\/wp-content\/uploads\/2025\/06\/Agosto-25-Agosto-29.pdf\">25 de agosto a 29 de agosto<\/a><\/li>\n<li><a href=\"http:\/\/agrupamento.dpedro.net\/wp-content\/uploads\/2025\/06\/Setembro-1-Setembro-5.pdf\">01 de setembro a 05 de setembro<\/a><\/li>\n<\/ul>\n\n\n<p><\/p>\n","protected":false},"excerpt":{"rendered":"<p>EMENTAS programa GAIAaprende + f\u00e9rias de ver\u00e3o 30 de junho a 5 de setembro de 2025 Intoler\u00e2ncia ao Gl\u00faten (30\/06 a 05\/09) Intoler\u00e2ncia ao Lactose (30\/06 a 05\/09) 30 de [&hellip;]<\/p>\n","protected":false},"author":1,"featured_media":7700,"comment_status":"closed","ping_status":"closed","sticky":false,"template":"","format":"standard","meta":{"pagelayer_contact_templates":[],"_pagelayer_content":"","footnotes":""},"categories":[138],"tags":[],"class_list":["post-5903","post","type-post","status-publish","format-standard","has-post-thumbnail","hentry","category-avisos"],"_links":{"self":[{"href":"https:\/\/agrupamento.dpedro.net\/index.php?rest_route=\/wp\/v2\/posts\/5903","targetHints":{"allow":["GET"]}}],"collection":[{"href":"https:\/\/agrupamento.dpedro.net\/index.php?rest_route=\/wp\/v2\/posts"}],"about":[{"href":"https:\/\/agrupamento.dpedro.net\/index.php?rest_route=\/wp\/v2\/types\/post"}],"author":[{"embeddable":true,"href":"https:\/\/agrupamento.dpedro.net\/index.php?rest_route=\/wp\/v2\/users\/1"}],"replies":[{"embeddable":true,"href":"https:\/\/agrupamento.dpedro.net\/index.php?rest_route=%2Fwp%2Fv2%2Fcomments&post=5903"}],"version-history":[{"count":3,"href":"https:\/\/agrupamento.dpedro.net\/index.php?rest_route=\/wp\/v2\/posts\/5903\/revisions"}],"predecessor-version":[{"id":7702,"href":"https:\/\/agrupamento.dpedro.net\/index.php?rest_route=\/wp\/v2\/posts\/5903\/revisions\/7702"}],"wp:featuredmedia":[{"embeddable":true,"href":"https:\/\/agrupamento.dpedro.net\/index.php?rest_route=\/wp\/v2\/media\/7700"}],"wp:attachment":[{"href":"https:\/\/agrupamento.dpedro.net\/index.php?rest_route=%2Fwp%2Fv2%2Fmedia&parent=5903"}],"wp:term":[{"taxonomy":"category","embeddable":true,"href":"https:\/\/agrupamento.dpedro.net\/index.php?rest_route=%2Fwp%2Fv2%2Fcategories&post=5903"},{"taxonomy":"post_tag","embeddable":true,"href":"https:\/\/agrupamento.dpedro.net\/index.php?rest_route=%2Fwp%2Fv2%2Ftags&post=5903"}],"curies":[{"name":"wp","href":"https:\/\/api.w.org\/{rel}","templated":true}]}}