{"id":6688,"date":"2025-06-12T11:27:15","date_gmt":"2025-06-12T11:27:15","guid":{"rendered":"https:\/\/dpedro.net\/www\/?p=6688"},"modified":"2025-09-02T16:45:49","modified_gmt":"2025-09-02T16:45:49","slug":"mensagem-do-diretor","status":"publish","type":"post","link":"https:\/\/agrupamento.dpedro.net\/?p=6688","title":{"rendered":"Mensagem do Diretor"},"content":{"rendered":"\n<p>\u00c9 com profundo sentido de responsabilidade, humildade e esperan\u00e7a que assumimos a lideran\u00e7a da dire\u00e7\u00e3o executiva do Agrupamento de Escolas D. Pedro I, em Canidelo. Agrade\u00e7o a confian\u00e7a do&nbsp;Conselho Geral.<\/p>\n\n\n\n<figure class=\"wp-block-image alignright is-resized\"><img fetchpriority=\"high\" decoding=\"async\" width=\"768\" height=\"533\" src=\"https:\/\/agrupamento.dpedro.net\/wp-content\/uploads\/2025\/06\/Captura-de-ecra-2025-05-15-as-18.55.23-768x533-1.png\" alt=\"\" class=\"wp-image-6678\" style=\"width:334px;height:auto\" srcset=\"https:\/\/agrupamento.dpedro.net\/wp-content\/uploads\/2025\/06\/Captura-de-ecra-2025-05-15-as-18.55.23-768x533-1.png 768w, https:\/\/agrupamento.dpedro.net\/wp-content\/uploads\/2025\/06\/Captura-de-ecra-2025-05-15-as-18.55.23-768x533-1-300x208.png 300w\" sizes=\"(max-width: 768px) 100vw, 768px\" \/><\/figure>\n\n\n\n<p>A tomada de posse n\u00e3o \u00e9 apenas um ato formal; \u00e9, acima de tudo, a express\u00e3o de um compromisso renovado com a miss\u00e3o de servir a comunidade educativa, promovendo uma Educa\u00e7\u00e3o de qualidade, inclusiva e transformadora.<\/p>\n\n\n\n<p>A Escola P\u00fablica \u00e9, por excel\u00eancia, um espa\u00e7o de constru\u00e7\u00e3o coletiva, onde se formam cidad\u00e3os livres, cr\u00edticos e respons\u00e1veis. \u00c9 o lugar onde se concretiza o direito \u00e0 educa\u00e7\u00e3o, independentemente da origem social, econ\u00f3mica ou cultural de cada aluno. Acreditamos profundamente neste princ\u00edpio e assumimos como prioridade a valoriza\u00e7\u00e3o da diversidade, o aumento da qualidade das aprendizagens, o combate \u00e0 exclus\u00e3o e a promo\u00e7\u00e3o da equidade.<\/p>\n\n\n\n<p>Num tempo marcado por desafios complexos \u2013&nbsp;desde a transi\u00e7\u00e3o digital \u00e0 necessidade de maior inclus\u00e3o e bem-estar -, torna-se ainda mais urgente reafirmar a centralidade da Educa\u00e7\u00e3o como fator de coes\u00e3o social, de desenvolvimento humano e de progresso. O Agrupamento de Escolas D. Pedro I n\u00e3o pode nem deve ser indiferente a estas exig\u00eancias. Queremos uma escola onde cada aluno se sinta visto, escutado e apoiado, uma escola onde os profissionais se sintam valorizados e respeitados, uma escola que seja, simultaneamente, lugar de saber e de afeto.<\/p>\n\n\n\n<p><strong>Este projeto n\u00e3o \u00e9 individual.<\/strong>&nbsp;Ele concretiza-se com o trabalho colaborativo e dedicado de todos: professores, educadoras, t\u00e9cnicos superiores e especializados, assistentes t\u00e9cnicos e operacionais, alunos, fam\u00edlias e parceiros da comunidade. A equipa que hoje toma posse traz consigo n\u00e3o apenas experi\u00eancia e compet\u00eancia, mas tamb\u00e9m paix\u00e3o pela educa\u00e7\u00e3o, sentido \u00e9tico e vontade de inovar. Juntos, queremos promover uma cultura de participa\u00e7\u00e3o, de transpar\u00eancia e de melhoria cont\u00ednua.<\/p>\n\n\n\n<p>Reafirmamos o nosso compromisso com uma lideran\u00e7a pr\u00f3xima, ouvinte e centrada em solu\u00e7\u00f5es. Pretendemos dinamizar pr\u00e1ticas pedag\u00f3gicas mais ativas e diferenciadas, fortalecer redes de apoio aos alunos, incentivar a forma\u00e7\u00e3o cont\u00ednua dos profissionais e tornar o nosso Agrupamento num polo de refer\u00eancia na comunidade educativa local.<\/p>\n\n\n\n<p>Sabemos que o caminho n\u00e3o ser\u00e1 isento de dificuldades. Mas \u00e9 com confian\u00e7a no valor transformador da Escola P\u00fablica e com a for\u00e7a de uma equipa coesa e motivada que enfrentaremos os desafios que se avizinham.<\/p>\n\n\n\n<p>A todos os que fazem parte desta comunidade educativa, deixamos uma palavra de agradecimento e um convite \u00e0 colabora\u00e7\u00e3o. A escola constr\u00f3i-se com todos e para todos.<\/p>\n\n\n\n<p>Que o nosso trabalho seja digno da confian\u00e7a depositada em n\u00f3s. Que possamos, com coer\u00eancia e dedica\u00e7\u00e3o, honrar a miss\u00e3o de educar. Porque, como dizia Paulo Freire, \u201ceducar \u00e9 um ato de amor, por isso, um ato de coragem\u201d.<\/p>\n\n\n\n<p>Filinto Lima<br>(discurso de tomada de posse 13-05-2025)<\/p>\n","protected":false},"excerpt":{"rendered":"<p>\u00c9 com profundo sentido de responsabilidade, humildade e esperan\u00e7a que assumimos a lideran\u00e7a da dire\u00e7\u00e3o executiva do Agrupamento de Escolas D. Pedro I, em Canidelo. Agrade\u00e7o a confian\u00e7a do&nbsp;Conselho Geral. [&hellip;]<\/p>\n","protected":false},"author":1,"featured_media":0,"comment_status":"closed","ping_status":"closed","sticky":false,"template":"","format":"standard","meta":{"pagelayer_contact_templates":[],"_pagelayer_content":"","footnotes":""},"categories":[140],"tags":[],"class_list":["post-6688","post","type-post","status-publish","format-standard","hentry","category-destaques"],"_links":{"self":[{"href":"https:\/\/agrupamento.dpedro.net\/index.php?rest_route=\/wp\/v2\/posts\/6688","targetHints":{"allow":["GET"]}}],"collection":[{"href":"https:\/\/agrupamento.dpedro.net\/index.php?rest_route=\/wp\/v2\/posts"}],"about":[{"href":"https:\/\/agrupamento.dpedro.net\/index.php?rest_route=\/wp\/v2\/types\/post"}],"author":[{"embeddable":true,"href":"https:\/\/agrupamento.dpedro.net\/index.php?rest_route=\/wp\/v2\/users\/1"}],"replies":[{"embeddable":true,"href":"https:\/\/agrupamento.dpedro.net\/index.php?rest_route=%2Fwp%2Fv2%2Fcomments&post=6688"}],"version-history":[{"count":1,"href":"https:\/\/agrupamento.dpedro.net\/index.php?rest_route=\/wp\/v2\/posts\/6688\/revisions"}],"predecessor-version":[{"id":6689,"href":"https:\/\/agrupamento.dpedro.net\/index.php?rest_route=\/wp\/v2\/posts\/6688\/revisions\/6689"}],"wp:attachment":[{"href":"https:\/\/agrupamento.dpedro.net\/index.php?rest_route=%2Fwp%2Fv2%2Fmedia&parent=6688"}],"wp:term":[{"taxonomy":"category","embeddable":true,"href":"https:\/\/agrupamento.dpedro.net\/index.php?rest_route=%2Fwp%2Fv2%2Fcategories&post=6688"},{"taxonomy":"post_tag","embeddable":true,"href":"https:\/\/agrupamento.dpedro.net\/index.php?rest_route=%2Fwp%2Fv2%2Ftags&post=6688"}],"curies":[{"name":"wp","href":"https:\/\/api.w.org\/{rel}","templated":true}]}}