{"id":6694,"date":"2025-06-12T11:01:00","date_gmt":"2025-06-12T11:01:00","guid":{"rendered":"https:\/\/dpedro.net\/www\/?p=6694"},"modified":"2025-09-01T18:14:58","modified_gmt":"2025-09-01T18:14:58","slug":"historia-do-agrupamento-de-escolas-d-pedro-i","status":"publish","type":"post","link":"https:\/\/agrupamento.dpedro.net\/?p=6694","title":{"rendered":"Hist\u00f3ria do Agrupamento de Escolas D. Pedro I"},"content":{"rendered":"\n<p><\/p>\n\n\n\n<p>Pela Portaria n.\u00ba406\/80, de 15 de julho, foi criada no ano letivo de 1982\/83 a Escola Preparat\u00f3ria de Canidelo, cujo funcionamento teve in\u00edcio na Escola B\u00e1sica de S. Paio, na rua de S Paio, onde se situa, atualmente, a CERCI, lecionando os 5\u00ba e 6\u00ba anos.<\/p>\n\n\n\n<p>No ano letivo de 1987\/1988, foi edificado um novo edif\u00edcio na Rua Nova do Fojo. Um ano ap\u00f3s, sob a orienta\u00e7\u00e3o de uma comiss\u00e3o instaladora, operou-se a mudan\u00e7a deste estabelecimento de ensino para este novo local. Durante este primeiro ano, mantiveram-se as anteriores instala\u00e7\u00f5es a funcionar, em simult\u00e2neo com as novas. A escola, inicialmente destinada apenas ao segundo ciclo, passou a lecionar os s\u00e9timo e oitavo anos em 1 de setembro de 1995 e, em 2009, o nono ano.<\/p>\n\n\n\n<p>A partir de 2006\/2007, o Agrupamento passou a enquadrar-se no estatuto de Agrupamento TEIP&nbsp;<em>(<\/em>Territ\u00f3rio Educativo de Interven\u00e7\u00e3o Priorit\u00e1ria<em>),<\/em>&nbsp;por candidatura do respetivo Conselho Executivo, dado as carater\u00edsticas especiais duma grande parte dos alunos que a frequentavam.<\/p>\n\n\n\n<p>Em 24 de julho de 2003, foi constitu\u00eddo o Agrupamento Vertical de Escolas D. Pedro I, integrando as seguintes Unidades Educativas:<\/p>\n\n\n\n<p>\u2013 Jardim de Inf\u00e2ncia de Canidelo;<\/p>\n\n\n\n<p>\u2013 Escola do 1\u00ba Ciclo do Ensino B\u00e1sico e Jardim de Inf\u00e2ncia de Afurada de Baixo;<\/p>\n\n\n\n<p>\u2013 Escola do 1\u00ba Ciclo do Ensino B\u00e1sico e Jardim de Inf\u00e2ncia de Afurada de Cima;<\/p>\n\n\n\n<p>\u2013 Escola do 1\u00ba Ciclo do Ensino B\u00e1sico e Jardim de Inf\u00e2ncia de Chouselas;<\/p>\n\n\n\n<p>\u2013 Escola do 1\u00ba Ciclo do Ensino B\u00e1sico e Jardim de Inf\u00e2ncia Lavadores;<\/p>\n\n\n\n<p>\u2013 Escola do 1\u00ba Ciclo do Ensino B\u00e1sico e Jardim de Inf\u00e2ncia do Meiral;<\/p>\n\n\n\n<p>\u2013 Escola do 1\u00ba Ciclo do Ensino B\u00e1sico e Jardim de Inf\u00e2ncia de S. Paio;<\/p>\n\n\n\n<p>\u2013 Escola do 1\u00ba Ciclo do Ensino B\u00e1sico e Jardim de Inf\u00e2ncia do Viso;<\/p>\n\n\n\n<p>\u2013 Escola B\u00e1sica dos 2\u00ba e 3\u00ba Ciclos de Canidelo (Escola Sede do Agrupamento).<\/p>\n\n\n\n<p>O Agrupamento de Escolas D. Pedro I acolhe cerca de 2200 alunos das freguesias de Canidelo e Santa Marinha e de S. Pedro da Afurada e conta com aproximadamente 180 educadores e professores, bem como, cerca de 50 assistentes operacionais e t\u00e9cnicos.<\/p>\n\n\n\n<p><\/p>\n","protected":false},"excerpt":{"rendered":"<p>Breve hist\u00f3ria do agrupamento<\/p>\n","protected":false},"author":1,"featured_media":0,"comment_status":"closed","ping_status":"closed","sticky":false,"template":"","format":"standard","meta":{"pagelayer_contact_templates":[],"_pagelayer_content":"","footnotes":""},"categories":[136],"tags":[],"class_list":["post-6694","post","type-post","status-publish","format-standard","hentry","category-agrupamento"],"_links":{"self":[{"href":"https:\/\/agrupamento.dpedro.net\/index.php?rest_route=\/wp\/v2\/posts\/6694","targetHints":{"allow":["GET"]}}],"collection":[{"href":"https:\/\/agrupamento.dpedro.net\/index.php?rest_route=\/wp\/v2\/posts"}],"about":[{"href":"https:\/\/agrupamento.dpedro.net\/index.php?rest_route=\/wp\/v2\/types\/post"}],"author":[{"embeddable":true,"href":"https:\/\/agrupamento.dpedro.net\/index.php?rest_route=\/wp\/v2\/users\/1"}],"replies":[{"embeddable":true,"href":"https:\/\/agrupamento.dpedro.net\/index.php?rest_route=%2Fwp%2Fv2%2Fcomments&post=6694"}],"version-history":[{"count":5,"href":"https:\/\/agrupamento.dpedro.net\/index.php?rest_route=\/wp\/v2\/posts\/6694\/revisions"}],"predecessor-version":[{"id":7085,"href":"https:\/\/agrupamento.dpedro.net\/index.php?rest_route=\/wp\/v2\/posts\/6694\/revisions\/7085"}],"wp:attachment":[{"href":"https:\/\/agrupamento.dpedro.net\/index.php?rest_route=%2Fwp%2Fv2%2Fmedia&parent=6694"}],"wp:term":[{"taxonomy":"category","embeddable":true,"href":"https:\/\/agrupamento.dpedro.net\/index.php?rest_route=%2Fwp%2Fv2%2Fcategories&post=6694"},{"taxonomy":"post_tag","embeddable":true,"href":"https:\/\/agrupamento.dpedro.net\/index.php?rest_route=%2Fwp%2Fv2%2Ftags&post=6694"}],"curies":[{"name":"wp","href":"https:\/\/api.w.org\/{rel}","templated":true}]}}