{"id":6696,"date":"2025-06-12T11:00:00","date_gmt":"2025-06-12T11:00:00","guid":{"rendered":"https:\/\/dpedro.net\/www\/?p=6696"},"modified":"2025-10-10T15:31:42","modified_gmt":"2025-10-10T15:31:42","slug":"patrono","status":"publish","type":"post","link":"https:\/\/agrupamento.dpedro.net\/?p=6696","title":{"rendered":"Patrono &#8211; D. Pedro I"},"content":{"rendered":"\n<figure class=\"wp-block-image aligncenter size-full is-resized\"><img fetchpriority=\"high\" decoding=\"async\" width=\"732\" height=\"730\" src=\"https:\/\/agrupamento.dpedro.net\/wp-content\/uploads\/2025\/06\/Captura-de-ecra-2025-09-08-as-16.54.49.png\" alt=\"\" class=\"wp-image-7577\" style=\"width:156px;height:auto\" srcset=\"https:\/\/agrupamento.dpedro.net\/wp-content\/uploads\/2025\/06\/Captura-de-ecra-2025-09-08-as-16.54.49.png 732w, https:\/\/agrupamento.dpedro.net\/wp-content\/uploads\/2025\/06\/Captura-de-ecra-2025-09-08-as-16.54.49-300x300.png 300w, https:\/\/agrupamento.dpedro.net\/wp-content\/uploads\/2025\/06\/Captura-de-ecra-2025-09-08-as-16.54.49-150x150.png 150w\" sizes=\"(max-width: 732px) 100vw, 732px\" \/><\/figure>\n\n\n\n<p>A este Agrupamento foi atribu\u00eddo o nome de D. Pedro I (1320-1367) pelo facto de este Rei de Portugal reunir as seguintes liga\u00e7\u00f5es significativas a esta freguesia:<\/p>\n\n\n\n<p>\u2013 ter recebido a Quinta de Canidelo, mais tarde Quinta do Pa\u00e7o, por doa\u00e7\u00e3o da fam\u00edlia Coelho, em 1352, com todas as propriedades que lhe pertenciam e que inclu\u00edam os povoados de Canidelo, Lavadores e de Afurada;<\/p>\n\n\n\n<p>\u2013 ter vivido, provavelmente, na Quinta do Pa\u00e7o, na companhia de D. In\u00eas de Castro, entre o in\u00edcio de 1352 at\u00e9 ao fim de 1353 , sendo mesmo de admitir que, em Canidelo, ter\u00e1 nascido a filha de D. Pedro e D. In\u00eas de Castro, D. Beatriz;<\/p>\n\n\n\n<p>\u2013 ter em 1363, elevado Canidelo \u00e0 categoria de concelho, com as merc\u00eas e regalias pr\u00f3prias, nomeadamente, eleger ju\u00edzes, ter autonomia judicial e cadeia pr\u00f3pria. Este reconhecimento poder\u00e1 estar ligado ao facto de ter vivido aqui com In\u00eas de Castro.<\/p>\n\n\n\n<p>Pedro I ficou conhecido pelo cognome de \u201cJusticeiro\u201d. Pai de dois Reis de Portugal, D. Fernando I e D. Jo\u00e3o I, Mestre de Avis, foi caracterizado por Oliveira Marques como um Rei\u00a0<em>\u201c(\u2026) preocupad\u00edssimo com a administra\u00e7\u00e3o da justi\u00e7a, em \u00edntimo contacto com o povo, que o adorava apesar dos seus atos de crueldade e loucura.\u201d.<\/em><\/p>\n\n\n\n<p>Na verdade, segundo o cronista Fern\u00e3o Lopes, &nbsp;o povo, aquando da sua morte, dizia&nbsp;&nbsp;&nbsp;<em>\u201c(\u2026) que taaes dez anos&nbsp; nunca houve em Portugal como este que reinara elRei Dom Pedro\u201d.<\/em><\/p>\n\n\n\n<p><\/p>\n","protected":false},"excerpt":{"rendered":"<p>A este Agrupamento foi atribu\u00eddo o nome de D. Pedro I (1320-1367) pelo facto de este Rei de Portugal reunir as seguintes liga\u00e7\u00f5es significativas a esta freguesia: \u2013 ter recebido [&hellip;]<\/p>\n","protected":false},"author":1,"featured_media":7577,"comment_status":"closed","ping_status":"closed","sticky":false,"template":"","format":"standard","meta":{"pagelayer_contact_templates":[],"_pagelayer_content":"","footnotes":""},"categories":[136],"tags":[],"class_list":["post-6696","post","type-post","status-publish","format-standard","has-post-thumbnail","hentry","category-agrupamento"],"_links":{"self":[{"href":"https:\/\/agrupamento.dpedro.net\/index.php?rest_route=\/wp\/v2\/posts\/6696","targetHints":{"allow":["GET"]}}],"collection":[{"href":"https:\/\/agrupamento.dpedro.net\/index.php?rest_route=\/wp\/v2\/posts"}],"about":[{"href":"https:\/\/agrupamento.dpedro.net\/index.php?rest_route=\/wp\/v2\/types\/post"}],"author":[{"embeddable":true,"href":"https:\/\/agrupamento.dpedro.net\/index.php?rest_route=\/wp\/v2\/users\/1"}],"replies":[{"embeddable":true,"href":"https:\/\/agrupamento.dpedro.net\/index.php?rest_route=%2Fwp%2Fv2%2Fcomments&post=6696"}],"version-history":[{"count":5,"href":"https:\/\/agrupamento.dpedro.net\/index.php?rest_route=\/wp\/v2\/posts\/6696\/revisions"}],"predecessor-version":[{"id":7885,"href":"https:\/\/agrupamento.dpedro.net\/index.php?rest_route=\/wp\/v2\/posts\/6696\/revisions\/7885"}],"wp:featuredmedia":[{"embeddable":true,"href":"https:\/\/agrupamento.dpedro.net\/index.php?rest_route=\/wp\/v2\/media\/7577"}],"wp:attachment":[{"href":"https:\/\/agrupamento.dpedro.net\/index.php?rest_route=%2Fwp%2Fv2%2Fmedia&parent=6696"}],"wp:term":[{"taxonomy":"category","embeddable":true,"href":"https:\/\/agrupamento.dpedro.net\/index.php?rest_route=%2Fwp%2Fv2%2Fcategories&post=6696"},{"taxonomy":"post_tag","embeddable":true,"href":"https:\/\/agrupamento.dpedro.net\/index.php?rest_route=%2Fwp%2Fv2%2Ftags&post=6696"}],"curies":[{"name":"wp","href":"https:\/\/api.w.org\/{rel}","templated":true}]}}