{"id":7137,"date":"2025-09-02T12:05:49","date_gmt":"2025-09-02T12:05:49","guid":{"rendered":"https:\/\/dpedro.net\/www\/?p=7137"},"modified":"2025-09-19T20:43:39","modified_gmt":"2025-09-19T20:43:39","slug":"h5-contratacao-de-mediador-linguistico","status":"publish","type":"post","link":"https:\/\/agrupamento.dpedro.net\/?p=7137","title":{"rendered":"H5 &#8211; Contrata\u00e7\u00e3o de Mediador Lingu\u00edstico"},"content":{"rendered":"\n<p class=\"has-text-align-center has-content-heading-font-size\"><strong>H5 &#8211; Contrata\u00e7\u00e3o de Mediador Lingu\u00edstico<\/strong><\/p>\n\n\n\n<p class=\"has-text-align-center\"><a href=\"https:\/\/agrupamento.dpedro.net\/wp-content\/uploads\/2025\/09\/Aviso-de-Abertura_H5.pdf\" data-type=\"attachment\" data-id=\"7135\">Aviso de abertura<\/a><\/p>\n\n\n\n<p class=\"has-text-align-center\"><a href=\"https:\/\/agrupamento.dpedro.net\/wp-content\/uploads\/2025\/09\/H5-Lista-de-Candidatos.pdf\">Lista de Candidatos<\/a><\/p>\n\n\n\n<p class=\"has-text-align-center\"><a href=\"https:\/\/agrupamento.dpedro.net\/wp-content\/uploads\/2025\/09\/Avaliacao.H5.Mediador.Linguistico.Cultural.Ordenacao-Final_signed.pdf\">Grelha\u00a0Final de ordena\u00e7\u00e3o dos candidatos<\/a><\/p>\n\n\n\n<p><\/p>\n","protected":false},"excerpt":{"rendered":"<p>H5 &#8211; Contrata\u00e7\u00e3o de Mediador Lingu\u00edstico Aviso de abertura Lista de Candidatos Grelha\u00a0Final de ordena\u00e7\u00e3o dos candidatos<\/p>\n","protected":false},"author":1,"featured_media":7401,"comment_status":"closed","ping_status":"closed","sticky":false,"template":"","format":"standard","meta":{"pagelayer_contact_templates":[],"_pagelayer_content":"","footnotes":""},"categories":[143,166],"tags":[],"class_list":["post-7137","post","type-post","status-publish","format-standard","has-post-thumbnail","hentry","category-concursos","category-recrutamento"],"_links":{"self":[{"href":"https:\/\/agrupamento.dpedro.net\/index.php?rest_route=\/wp\/v2\/posts\/7137","targetHints":{"allow":["GET"]}}],"collection":[{"href":"https:\/\/agrupamento.dpedro.net\/index.php?rest_route=\/wp\/v2\/posts"}],"about":[{"href":"https:\/\/agrupamento.dpedro.net\/index.php?rest_route=\/wp\/v2\/types\/post"}],"author":[{"embeddable":true,"href":"https:\/\/agrupamento.dpedro.net\/index.php?rest_route=\/wp\/v2\/users\/1"}],"replies":[{"embeddable":true,"href":"https:\/\/agrupamento.dpedro.net\/index.php?rest_route=%2Fwp%2Fv2%2Fcomments&post=7137"}],"version-history":[{"count":7,"href":"https:\/\/agrupamento.dpedro.net\/index.php?rest_route=\/wp\/v2\/posts\/7137\/revisions"}],"predecessor-version":[{"id":7782,"href":"https:\/\/agrupamento.dpedro.net\/index.php?rest_route=\/wp\/v2\/posts\/7137\/revisions\/7782"}],"wp:featuredmedia":[{"embeddable":true,"href":"https:\/\/agrupamento.dpedro.net\/index.php?rest_route=\/wp\/v2\/media\/7401"}],"wp:attachment":[{"href":"https:\/\/agrupamento.dpedro.net\/index.php?rest_route=%2Fwp%2Fv2%2Fmedia&parent=7137"}],"wp:term":[{"taxonomy":"category","embeddable":true,"href":"https:\/\/agrupamento.dpedro.net\/index.php?rest_route=%2Fwp%2Fv2%2Fcategories&post=7137"},{"taxonomy":"post_tag","embeddable":true,"href":"https:\/\/agrupamento.dpedro.net\/index.php?rest_route=%2Fwp%2Fv2%2Ftags&post=7137"}],"curies":[{"name":"wp","href":"https:\/\/api.w.org\/{rel}","templated":true}]}}