{"id":7832,"date":"2025-10-01T21:21:41","date_gmt":"2025-10-01T21:21:41","guid":{"rendered":"https:\/\/agrupamento.dpedro.net\/?p=7832"},"modified":"2025-10-01T21:21:41","modified_gmt":"2025-10-01T21:21:41","slug":"outubro-rosa","status":"publish","type":"post","link":"https:\/\/agrupamento.dpedro.net\/?p=7832","title":{"rendered":"Outubro Rosa\u00a0"},"content":{"rendered":"\n<p><img decoding=\"async\" alt=\"\ud83c\udf38\" src=\"https:\/\/fonts.gstatic.com\/s\/e\/notoemoji\/16.0\/1f338\/72.png\">&nbsp;Outubro Rosa&nbsp;<img decoding=\"async\" alt=\"\ud83c\udf38\" src=\"https:\/\/fonts.gstatic.com\/s\/e\/notoemoji\/16.0\/1f338\/72.png\"><\/p>\n\n\n\n<p>Este m\u00eas \u00e9 um convite para lembrar do cuidado com a vida. <br>A preven\u00e7\u00e3o e o diagn\u00f3stico precoce do cancro de mama podem salvar muitas hist\u00f3rias.<\/p>\n\n\n\n<p><img decoding=\"async\" alt=\"\ud83d\udc97\" src=\"https:\/\/fonts.gstatic.com\/s\/e\/notoemoji\/16.0\/1f497\/72.png\">&nbsp;Fa\u00e7a o autoexame.<\/p>\n\n\n\n<p><img decoding=\"async\" alt=\"\ud83d\udc97\" src=\"https:\/\/fonts.gstatic.com\/s\/e\/notoemoji\/16.0\/1f497\/72.png\">&nbsp;Mantenha os seus exames em dia.<\/p>\n\n\n\n<p><img decoding=\"async\" alt=\"\ud83d\udc97\" src=\"https:\/\/fonts.gstatic.com\/s\/e\/notoemoji\/16.0\/1f497\/72.png\">&nbsp;Apoie e incentive outras mulheres a se cuidarem.<\/p>\n\n\n\n<p>Cuidar de si mesma tamb\u00e9m \u00e9 um ato de amor.&nbsp;<img decoding=\"async\" alt=\"\ud83d\udc95\" src=\"https:\/\/fonts.gstatic.com\/s\/e\/notoemoji\/16.0\/1f495\/72.png\"><\/p>\n\n\n\n<p>Neste Outubro Rosa, refor\u00e7amos o nosso compromisso com a conscientiza\u00e7\u00e3o, a preven\u00e7\u00e3o e o cuidado com a sa\u00fade.<\/p>\n\n\n\n<p><img decoding=\"async\" alt=\"\ud83d\udc97\" src=\"https:\/\/fonts.gstatic.com\/s\/e\/notoemoji\/16.0\/1f497\/72.png\">&nbsp;Preven\u00e7\u00e3o \u00e9 a melhor forma de cuidado.<\/p>\n\n\n\n<p><img decoding=\"async\" alt=\"\ud83d\udc97\" src=\"https:\/\/fonts.gstatic.com\/s\/e\/notoemoji\/16.0\/1f497\/72.png\">&nbsp;Informa\u00e7\u00e3o \u00e9 a chave para salvar vidas.<\/p>\n\n\n\n<p>Juntos, apoiamos essa causa!<\/p>\n\n\n\n<p>Equipa GIS<\/p>\n\n\n\n<p><\/p>\n","protected":false},"excerpt":{"rendered":"<p>&nbsp;Outubro Rosa&nbsp; Este m\u00eas \u00e9 um convite para lembrar do cuidado com a vida. A preven\u00e7\u00e3o e o diagn\u00f3stico precoce do cancro de mama podem salvar muitas hist\u00f3rias. &nbsp;Fa\u00e7a o [&hellip;]<\/p>\n","protected":false},"author":1,"featured_media":7833,"comment_status":"closed","ping_status":"closed","sticky":false,"template":"","format":"standard","meta":{"pagelayer_contact_templates":[],"_pagelayer_content":"","footnotes":""},"categories":[140,170,142],"tags":[],"class_list":["post-7832","post","type-post","status-publish","format-standard","has-post-thumbnail","hentry","category-destaques","category-eventos","category-noticias-2"],"_links":{"self":[{"href":"https:\/\/agrupamento.dpedro.net\/index.php?rest_route=\/wp\/v2\/posts\/7832","targetHints":{"allow":["GET"]}}],"collection":[{"href":"https:\/\/agrupamento.dpedro.net\/index.php?rest_route=\/wp\/v2\/posts"}],"about":[{"href":"https:\/\/agrupamento.dpedro.net\/index.php?rest_route=\/wp\/v2\/types\/post"}],"author":[{"embeddable":true,"href":"https:\/\/agrupamento.dpedro.net\/index.php?rest_route=\/wp\/v2\/users\/1"}],"replies":[{"embeddable":true,"href":"https:\/\/agrupamento.dpedro.net\/index.php?rest_route=%2Fwp%2Fv2%2Fcomments&post=7832"}],"version-history":[{"count":1,"href":"https:\/\/agrupamento.dpedro.net\/index.php?rest_route=\/wp\/v2\/posts\/7832\/revisions"}],"predecessor-version":[{"id":7834,"href":"https:\/\/agrupamento.dpedro.net\/index.php?rest_route=\/wp\/v2\/posts\/7832\/revisions\/7834"}],"wp:featuredmedia":[{"embeddable":true,"href":"https:\/\/agrupamento.dpedro.net\/index.php?rest_route=\/wp\/v2\/media\/7833"}],"wp:attachment":[{"href":"https:\/\/agrupamento.dpedro.net\/index.php?rest_route=%2Fwp%2Fv2%2Fmedia&parent=7832"}],"wp:term":[{"taxonomy":"category","embeddable":true,"href":"https:\/\/agrupamento.dpedro.net\/index.php?rest_route=%2Fwp%2Fv2%2Fcategories&post=7832"},{"taxonomy":"post_tag","embeddable":true,"href":"https:\/\/agrupamento.dpedro.net\/index.php?rest_route=%2Fwp%2Fv2%2Ftags&post=7832"}],"curies":[{"name":"wp","href":"https:\/\/api.w.org\/{rel}","templated":true}]}}