{"id":7981,"date":"2025-10-31T12:11:45","date_gmt":"2025-10-31T12:11:45","guid":{"rendered":"https:\/\/agrupamento.dpedro.net\/?p=7981"},"modified":"2025-10-31T12:11:45","modified_gmt":"2025-10-31T12:11:45","slug":"dia-das-bibliotecas-escolares","status":"publish","type":"post","link":"https:\/\/agrupamento.dpedro.net\/?p=7981","title":{"rendered":"Dia das Bibliotecas Escolares"},"content":{"rendered":"\n<p>No dia 27 de outubro, comemora-se o Dia das Bibliotecas Escolares. Os alunos e crian\u00e7as do pr\u00e9-escolar da Escola do Viso, tiveram a oportunidade de ver na nossa escola a recria\u00e7\u00e3o de uma pequena biblioteca escolar. Todas as turmas participaram na atividade com entusiasmo e responsabilidade tendo percebido qual a fun\u00e7\u00e3o de uma biblioteca e a sua import\u00e2ncia ao longo da vida de estudante.<\/p>\n\n\n\n<p>Ap\u00f3s um pequeno roteiro pelos espa\u00e7os disponibilizados, as professoras dinamizaram um <a><\/a>momento de leitura.<\/p>\n\n\n\n<p>Esta atividade, com impacto bastante positivo, leva a acreditar que a escola do Viso tamb\u00e9m merece uma Biblioteca Escolar. Vamos l\u00e1 todos pensar nessa possibilidade.<\/p>\n\n\n\n<figure class=\"wp-block-gallery has-nested-images columns-default is-cropped wp-block-gallery-1 is-layout-flex wp-block-gallery-is-layout-flex\">\n<figure class=\"wp-block-image size-large\"><img fetchpriority=\"high\" decoding=\"async\" width=\"1024\" height=\"768\" data-id=\"7983\" src=\"https:\/\/agrupamento.dpedro.net\/wp-content\/uploads\/2025\/10\/biblioteca1_2025-1024x768.jpg\" alt=\"\" class=\"wp-image-7983\" srcset=\"https:\/\/agrupamento.dpedro.net\/wp-content\/uploads\/2025\/10\/biblioteca1_2025-1024x768.jpg 1024w, https:\/\/agrupamento.dpedro.net\/wp-content\/uploads\/2025\/10\/biblioteca1_2025-300x225.jpg 300w, https:\/\/agrupamento.dpedro.net\/wp-content\/uploads\/2025\/10\/biblioteca1_2025-768x576.jpg 768w, https:\/\/agrupamento.dpedro.net\/wp-content\/uploads\/2025\/10\/biblioteca1_2025.jpg 1200w\" sizes=\"(max-width: 1024px) 100vw, 1024px\" \/><\/figure>\n\n\n\n<figure class=\"wp-block-image size-large\"><img decoding=\"async\" width=\"768\" height=\"1024\" data-id=\"7982\" src=\"https:\/\/agrupamento.dpedro.net\/wp-content\/uploads\/2025\/10\/Bibliotecas2_2025-768x1024.jpg\" alt=\"\" class=\"wp-image-7982\" srcset=\"https:\/\/agrupamento.dpedro.net\/wp-content\/uploads\/2025\/10\/Bibliotecas2_2025-768x1024.jpg 768w, https:\/\/agrupamento.dpedro.net\/wp-content\/uploads\/2025\/10\/Bibliotecas2_2025-225x300.jpg 225w, https:\/\/agrupamento.dpedro.net\/wp-content\/uploads\/2025\/10\/Bibliotecas2_2025-1152x1536.jpg 1152w, https:\/\/agrupamento.dpedro.net\/wp-content\/uploads\/2025\/10\/Bibliotecas2_2025.jpg 1172w\" sizes=\"(max-width: 768px) 100vw, 768px\" \/><\/figure>\n<\/figure>\n","protected":false},"excerpt":{"rendered":"<p>No dia 27 de outubro, comemora-se o Dia das Bibliotecas Escolares. Os alunos e crian\u00e7as do pr\u00e9-escolar da Escola do Viso, tiveram a oportunidade de ver na nossa escola a [&hellip;]<\/p>\n","protected":false},"author":1,"featured_media":7982,"comment_status":"closed","ping_status":"open","sticky":false,"template":"","format":"standard","meta":{"pagelayer_contact_templates":[],"_pagelayer_content":"","footnotes":""},"categories":[142],"tags":[],"class_list":["post-7981","post","type-post","status-publish","format-standard","has-post-thumbnail","hentry","category-noticias-2"],"_links":{"self":[{"href":"https:\/\/agrupamento.dpedro.net\/index.php?rest_route=\/wp\/v2\/posts\/7981","targetHints":{"allow":["GET"]}}],"collection":[{"href":"https:\/\/agrupamento.dpedro.net\/index.php?rest_route=\/wp\/v2\/posts"}],"about":[{"href":"https:\/\/agrupamento.dpedro.net\/index.php?rest_route=\/wp\/v2\/types\/post"}],"author":[{"embeddable":true,"href":"https:\/\/agrupamento.dpedro.net\/index.php?rest_route=\/wp\/v2\/users\/1"}],"replies":[{"embeddable":true,"href":"https:\/\/agrupamento.dpedro.net\/index.php?rest_route=%2Fwp%2Fv2%2Fcomments&post=7981"}],"version-history":[{"count":1,"href":"https:\/\/agrupamento.dpedro.net\/index.php?rest_route=\/wp\/v2\/posts\/7981\/revisions"}],"predecessor-version":[{"id":7984,"href":"https:\/\/agrupamento.dpedro.net\/index.php?rest_route=\/wp\/v2\/posts\/7981\/revisions\/7984"}],"wp:featuredmedia":[{"embeddable":true,"href":"https:\/\/agrupamento.dpedro.net\/index.php?rest_route=\/wp\/v2\/media\/7982"}],"wp:attachment":[{"href":"https:\/\/agrupamento.dpedro.net\/index.php?rest_route=%2Fwp%2Fv2%2Fmedia&parent=7981"}],"wp:term":[{"taxonomy":"category","embeddable":true,"href":"https:\/\/agrupamento.dpedro.net\/index.php?rest_route=%2Fwp%2Fv2%2Fcategories&post=7981"},{"taxonomy":"post_tag","embeddable":true,"href":"https:\/\/agrupamento.dpedro.net\/index.php?rest_route=%2Fwp%2Fv2%2Ftags&post=7981"}],"curies":[{"name":"wp","href":"https:\/\/api.w.org\/{rel}","templated":true}]}}