{"id":8237,"date":"2025-09-03T10:27:00","date_gmt":"2025-09-03T10:27:00","guid":{"rendered":"https:\/\/agrupamento.dpedro.net\/?p=8237"},"modified":"2026-02-02T18:59:25","modified_gmt":"2026-02-02T18:59:25","slug":"pes","status":"publish","type":"post","link":"https:\/\/agrupamento.dpedro.net\/?p=8237","title":{"rendered":"PES"},"content":{"rendered":"\n<figure class=\"wp-block-image aligncenter size-full is-resized\"><a href=\"https:\/\/agrupamento.dpedro.net\/wp-content\/uploads\/2026\/02\/pa_PES.pdf\"><img fetchpriority=\"high\" decoding=\"async\" width=\"812\" height=\"382\" src=\"https:\/\/agrupamento.dpedro.net\/wp-content\/uploads\/2026\/02\/Captura-de-ecra-2026-02-02-as-18.49.04.png\" alt=\"\" class=\"wp-image-8238\" style=\"width:402px;height:auto\" srcset=\"https:\/\/agrupamento.dpedro.net\/wp-content\/uploads\/2026\/02\/Captura-de-ecra-2026-02-02-as-18.49.04.png 812w, https:\/\/agrupamento.dpedro.net\/wp-content\/uploads\/2026\/02\/Captura-de-ecra-2026-02-02-as-18.49.04-300x141.png 300w, https:\/\/agrupamento.dpedro.net\/wp-content\/uploads\/2026\/02\/Captura-de-ecra-2026-02-02-as-18.49.04-768x361.png 768w\" sizes=\"(max-width: 812px) 100vw, 812px\" \/><\/a><\/figure>\n\n\n\n<h2 class=\"wp-block-heading\"><strong>Promo\u00e7\u00e3o e Educa\u00e7\u00e3o para a Sa\u00fade<\/strong><\/h2>\n\n\n\n<p>O projeto de \u201cPromo\u00e7\u00e3o e Educa\u00e7\u00e3o para a Sa\u00fade\u201d (PES) tem como finalidades a sensibiliza\u00e7\u00e3o, a promo\u00e7\u00e3o e ado\u00e7\u00e3o de medidas no \u00e2mbito da sa\u00fade em meio escolar, a fim de levar as crian\u00e7as e jovens a adotarem comportamentos de vida saud\u00e1vel.<\/p>\n\n\n\n<h2 class=\"wp-block-heading\">Programa PRESSE<\/h2>\n\n\n\n<figure class=\"wp-block-image aligncenter\"><a href=\"https:\/\/www.presse.com.pt\/presse\/\"><img decoding=\"async\" src=\"https:\/\/dpedro.net\/www\/wp-content\/uploads\/2024\/12\/Captura-de-ecra%CC%83-2024-12-11-a%CC%80s-19.54.47-300x97.png\" alt=\"\" class=\"wp-image-5402\"\/><\/a><\/figure>\n\n\n\n<h2 class=\"wp-block-heading\">Programa + Contigo<\/h2>\n\n\n\n<figure class=\"wp-block-image aligncenter\"><a href=\"https:\/\/agrupamento.dpedro.net\/wp-content\/uploads\/2026\/02\/MAIS_CONTIGO.pdf\"><img decoding=\"async\" src=\"https:\/\/dpedro.net\/www\/wp-content\/uploads\/2024\/12\/Captura-de-ecra%CC%83-2024-12-11-a%CC%80s-19.58.19-210x300.png\" alt=\"\" class=\"wp-image-5404\"\/><\/a><\/figure>\n","protected":false},"excerpt":{"rendered":"<p>Promo\u00e7\u00e3o e Educa\u00e7\u00e3o para a Sa\u00fade<\/p>\n","protected":false},"author":1,"featured_media":8238,"comment_status":"closed","ping_status":"open","sticky":false,"template":"","format":"standard","meta":{"pagelayer_contact_templates":[],"_pagelayer_content":"","footnotes":""},"categories":[139],"tags":[],"class_list":["post-8237","post","type-post","status-publish","format-standard","has-post-thumbnail","hentry","category-projetos"],"_links":{"self":[{"href":"https:\/\/agrupamento.dpedro.net\/index.php?rest_route=\/wp\/v2\/posts\/8237","targetHints":{"allow":["GET"]}}],"collection":[{"href":"https:\/\/agrupamento.dpedro.net\/index.php?rest_route=\/wp\/v2\/posts"}],"about":[{"href":"https:\/\/agrupamento.dpedro.net\/index.php?rest_route=\/wp\/v2\/types\/post"}],"author":[{"embeddable":true,"href":"https:\/\/agrupamento.dpedro.net\/index.php?rest_route=\/wp\/v2\/users\/1"}],"replies":[{"embeddable":true,"href":"https:\/\/agrupamento.dpedro.net\/index.php?rest_route=%2Fwp%2Fv2%2Fcomments&post=8237"}],"version-history":[{"count":3,"href":"https:\/\/agrupamento.dpedro.net\/index.php?rest_route=\/wp\/v2\/posts\/8237\/revisions"}],"predecessor-version":[{"id":8244,"href":"https:\/\/agrupamento.dpedro.net\/index.php?rest_route=\/wp\/v2\/posts\/8237\/revisions\/8244"}],"wp:featuredmedia":[{"embeddable":true,"href":"https:\/\/agrupamento.dpedro.net\/index.php?rest_route=\/wp\/v2\/media\/8238"}],"wp:attachment":[{"href":"https:\/\/agrupamento.dpedro.net\/index.php?rest_route=%2Fwp%2Fv2%2Fmedia&parent=8237"}],"wp:term":[{"taxonomy":"category","embeddable":true,"href":"https:\/\/agrupamento.dpedro.net\/index.php?rest_route=%2Fwp%2Fv2%2Fcategories&post=8237"},{"taxonomy":"post_tag","embeddable":true,"href":"https:\/\/agrupamento.dpedro.net\/index.php?rest_route=%2Fwp%2Fv2%2Ftags&post=8237"}],"curies":[{"name":"wp","href":"https:\/\/api.w.org\/{rel}","templated":true}]}}