{"id":8281,"date":"2026-02-19T17:56:05","date_gmt":"2026-02-19T17:56:05","guid":{"rendered":"https:\/\/agrupamento.dpedro.net\/?p=8281"},"modified":"2026-02-19T17:56:05","modified_gmt":"2026-02-19T17:56:05","slug":"dia-internacional-da-leitura-em-voz-alta","status":"publish","type":"post","link":"https:\/\/agrupamento.dpedro.net\/?p=8281","title":{"rendered":"Dia Internacional da Leitura em Voz Alta"},"content":{"rendered":"\n<p>A turma do 5.\u00ba K, do Agrupamento de Escolas D. Pedro I, celebrou o Dia Internacional da Leitura em Voz Alta, com uma atividade muito especial, na aula de Portugu\u00eas!<br>A encarregada de educa\u00e7\u00e3o do aluno Gabriel Soares ofereceu um livro infanto-juvenil a cada colega da turma: &#8220;Os contos de Fadas precisam de Fadas&#8221; , oferecido pelo El Corte Ingl\u00e9s (no \u00e2mbito de um concurso promovido entre colaboradores).<br>A sess\u00e3o contou com a presen\u00e7a do Diretor do Agrupamento e incluiu momentos de leitura em voz alta, por todos!<br>A atividade promoveu o gosto pela leitura e transformou a sala num espa\u00e7o de partilha e entusiasmo, refor\u00e7ando a import\u00e2ncia dos livros na imagina\u00e7\u00e3o e no conhecimento.<\/p>\n\n\n\n<figure class=\"wp-block-gallery has-nested-images columns-default is-cropped wp-block-gallery-1 is-layout-flex wp-block-gallery-is-layout-flex\">\n<figure class=\"wp-block-image size-large\"><img fetchpriority=\"high\" decoding=\"async\" width=\"1024\" height=\"768\" data-id=\"8283\" src=\"https:\/\/agrupamento.dpedro.net\/wp-content\/uploads\/2026\/02\/WhatsApp-Image-2026-02-19-at-17.48.59-1-1-1024x768.jpeg\" alt=\"\" class=\"wp-image-8283\" srcset=\"https:\/\/agrupamento.dpedro.net\/wp-content\/uploads\/2026\/02\/WhatsApp-Image-2026-02-19-at-17.48.59-1-1-1024x768.jpeg 1024w, https:\/\/agrupamento.dpedro.net\/wp-content\/uploads\/2026\/02\/WhatsApp-Image-2026-02-19-at-17.48.59-1-1-300x225.jpeg 300w, https:\/\/agrupamento.dpedro.net\/wp-content\/uploads\/2026\/02\/WhatsApp-Image-2026-02-19-at-17.48.59-1-1-768x576.jpeg 768w, https:\/\/agrupamento.dpedro.net\/wp-content\/uploads\/2026\/02\/WhatsApp-Image-2026-02-19-at-17.48.59-1-1-1536x1152.jpeg 1536w, https:\/\/agrupamento.dpedro.net\/wp-content\/uploads\/2026\/02\/WhatsApp-Image-2026-02-19-at-17.48.59-1-1.jpeg 1600w\" sizes=\"(max-width: 1024px) 100vw, 1024px\" \/><\/figure>\n\n\n\n<figure class=\"wp-block-image size-large\"><img decoding=\"async\" width=\"1024\" height=\"768\" data-id=\"8284\" src=\"https:\/\/agrupamento.dpedro.net\/wp-content\/uploads\/2026\/02\/WhatsApp-Image-2026-02-19-at-17.48.59-1024x768.jpeg\" alt=\"\" class=\"wp-image-8284\" srcset=\"https:\/\/agrupamento.dpedro.net\/wp-content\/uploads\/2026\/02\/WhatsApp-Image-2026-02-19-at-17.48.59-1024x768.jpeg 1024w, https:\/\/agrupamento.dpedro.net\/wp-content\/uploads\/2026\/02\/WhatsApp-Image-2026-02-19-at-17.48.59-300x225.jpeg 300w, https:\/\/agrupamento.dpedro.net\/wp-content\/uploads\/2026\/02\/WhatsApp-Image-2026-02-19-at-17.48.59-768x576.jpeg 768w, https:\/\/agrupamento.dpedro.net\/wp-content\/uploads\/2026\/02\/WhatsApp-Image-2026-02-19-at-17.48.59-1536x1152.jpeg 1536w, https:\/\/agrupamento.dpedro.net\/wp-content\/uploads\/2026\/02\/WhatsApp-Image-2026-02-19-at-17.48.59.jpeg 1600w\" sizes=\"(max-width: 1024px) 100vw, 1024px\" \/><\/figure>\n<\/figure>\n","protected":false},"excerpt":{"rendered":"<p>A turma do 5.\u00ba K, do Agrupamento de Escolas D. Pedro I, celebrou o Dia Internacional da Leitura em Voz Alta, com uma atividade muito especial, na aula de Portugu\u00eas!<\/p>\n","protected":false},"author":1,"featured_media":8283,"comment_status":"closed","ping_status":"open","sticky":false,"template":"","format":"standard","meta":{"pagelayer_contact_templates":[],"_pagelayer_content":"","footnotes":""},"categories":[142],"tags":[],"class_list":["post-8281","post","type-post","status-publish","format-standard","has-post-thumbnail","hentry","category-noticias-2"],"_links":{"self":[{"href":"https:\/\/agrupamento.dpedro.net\/index.php?rest_route=\/wp\/v2\/posts\/8281","targetHints":{"allow":["GET"]}}],"collection":[{"href":"https:\/\/agrupamento.dpedro.net\/index.php?rest_route=\/wp\/v2\/posts"}],"about":[{"href":"https:\/\/agrupamento.dpedro.net\/index.php?rest_route=\/wp\/v2\/types\/post"}],"author":[{"embeddable":true,"href":"https:\/\/agrupamento.dpedro.net\/index.php?rest_route=\/wp\/v2\/users\/1"}],"replies":[{"embeddable":true,"href":"https:\/\/agrupamento.dpedro.net\/index.php?rest_route=%2Fwp%2Fv2%2Fcomments&post=8281"}],"version-history":[{"count":1,"href":"https:\/\/agrupamento.dpedro.net\/index.php?rest_route=\/wp\/v2\/posts\/8281\/revisions"}],"predecessor-version":[{"id":8285,"href":"https:\/\/agrupamento.dpedro.net\/index.php?rest_route=\/wp\/v2\/posts\/8281\/revisions\/8285"}],"wp:featuredmedia":[{"embeddable":true,"href":"https:\/\/agrupamento.dpedro.net\/index.php?rest_route=\/wp\/v2\/media\/8283"}],"wp:attachment":[{"href":"https:\/\/agrupamento.dpedro.net\/index.php?rest_route=%2Fwp%2Fv2%2Fmedia&parent=8281"}],"wp:term":[{"taxonomy":"category","embeddable":true,"href":"https:\/\/agrupamento.dpedro.net\/index.php?rest_route=%2Fwp%2Fv2%2Fcategories&post=8281"},{"taxonomy":"post_tag","embeddable":true,"href":"https:\/\/agrupamento.dpedro.net\/index.php?rest_route=%2Fwp%2Fv2%2Ftags&post=8281"}],"curies":[{"name":"wp","href":"https:\/\/api.w.org\/{rel}","templated":true}]}}