{"id":8346,"date":"2026-03-02T18:27:34","date_gmt":"2026-03-02T18:27:34","guid":{"rendered":"https:\/\/agrupamento.dpedro.net\/?p=8346"},"modified":"2026-03-02T18:27:34","modified_gmt":"2026-03-02T18:27:34","slug":"cadernos-sem-fronteiras","status":"publish","type":"post","link":"https:\/\/agrupamento.dpedro.net\/?p=8346","title":{"rendered":"Cadernos Sem Fronteiras"},"content":{"rendered":"\n<figure class=\"wp-block-image aligncenter size-full is-resized\"><img fetchpriority=\"high\" decoding=\"async\" width=\"500\" height=\"500\" src=\"https:\/\/agrupamento.dpedro.net\/wp-content\/uploads\/2026\/03\/Logo-Cadernos-sem-fronteiras.pdf.png\" alt=\"\" class=\"wp-image-8347\" style=\"width:222px;height:auto\" srcset=\"https:\/\/agrupamento.dpedro.net\/wp-content\/uploads\/2026\/03\/Logo-Cadernos-sem-fronteiras.pdf.png 500w, https:\/\/agrupamento.dpedro.net\/wp-content\/uploads\/2026\/03\/Logo-Cadernos-sem-fronteiras.pdf-300x300.png 300w, https:\/\/agrupamento.dpedro.net\/wp-content\/uploads\/2026\/03\/Logo-Cadernos-sem-fronteiras.pdf-150x150.png 150w\" sizes=\"(max-width: 500px) 100vw, 500px\" \/><\/figure>\n\n\n\n<p>O projeto \u201cCadernos Sem Fronteiras\u201d engloba um conjunto de atividades dirigidas, em particular, ao p\u00fablico-alvo de\u00a0<strong>alunos migrantes<\/strong>, visando a sua integra\u00e7\u00e3o, valoriza\u00e7\u00e3o e inclus\u00e3o no contexto escolar. <br>Entre as atividades j\u00e1 desenvolvidas at\u00e9 \u00e0 data destacam-se as Mentorias para Alunos Migrantes,\u00a0a comemora\u00e7\u00e3o do\u00a0Dia Internacional do Migrante e a atividade &#8220;Move-te, pela tua sa\u00fade&#8221;. <br>Est\u00e3o igualmente previstas futuras iniciativas, como a Rota da Gula, sess\u00f5es de curtas-metragens interculturais, bem como outras atividades a desenvolver, destinadas a este mesmo p\u00fablico-alvo.<br>Neste contexto, entende-se que esta sec\u00e7\u00e3o no site institucional permitir\u00e1\u00a0dar visibilidade aos alunos migrantes\u00a0e aos\u00a0projetos e estrat\u00e9gias desenvolvidos pelo Agrupamento\u00a0para promover a sua integra\u00e7\u00e3o, bem-estar e sucesso educativo. Esta sec\u00e7\u00e3o constituir\u00e1 tamb\u00e9m um espa\u00e7o de valoriza\u00e7\u00e3o do trabalho pedag\u00f3gico realizado e de refor\u00e7o da liga\u00e7\u00e3o \u00e0 comunidade educativa.<\/p>\n","protected":false},"excerpt":{"rendered":"<p>Apresenta\u00e7\u00e3o geral do projeto<\/p>\n","protected":false},"author":1,"featured_media":8347,"comment_status":"closed","ping_status":"open","sticky":false,"template":"","format":"standard","meta":{"pagelayer_contact_templates":[],"_pagelayer_content":"","footnotes":""},"categories":[139],"tags":[],"class_list":["post-8346","post","type-post","status-publish","format-standard","has-post-thumbnail","hentry","category-projetos"],"_links":{"self":[{"href":"https:\/\/agrupamento.dpedro.net\/index.php?rest_route=\/wp\/v2\/posts\/8346","targetHints":{"allow":["GET"]}}],"collection":[{"href":"https:\/\/agrupamento.dpedro.net\/index.php?rest_route=\/wp\/v2\/posts"}],"about":[{"href":"https:\/\/agrupamento.dpedro.net\/index.php?rest_route=\/wp\/v2\/types\/post"}],"author":[{"embeddable":true,"href":"https:\/\/agrupamento.dpedro.net\/index.php?rest_route=\/wp\/v2\/users\/1"}],"replies":[{"embeddable":true,"href":"https:\/\/agrupamento.dpedro.net\/index.php?rest_route=%2Fwp%2Fv2%2Fcomments&post=8346"}],"version-history":[{"count":1,"href":"https:\/\/agrupamento.dpedro.net\/index.php?rest_route=\/wp\/v2\/posts\/8346\/revisions"}],"predecessor-version":[{"id":8348,"href":"https:\/\/agrupamento.dpedro.net\/index.php?rest_route=\/wp\/v2\/posts\/8346\/revisions\/8348"}],"wp:featuredmedia":[{"embeddable":true,"href":"https:\/\/agrupamento.dpedro.net\/index.php?rest_route=\/wp\/v2\/media\/8347"}],"wp:attachment":[{"href":"https:\/\/agrupamento.dpedro.net\/index.php?rest_route=%2Fwp%2Fv2%2Fmedia&parent=8346"}],"wp:term":[{"taxonomy":"category","embeddable":true,"href":"https:\/\/agrupamento.dpedro.net\/index.php?rest_route=%2Fwp%2Fv2%2Fcategories&post=8346"},{"taxonomy":"post_tag","embeddable":true,"href":"https:\/\/agrupamento.dpedro.net\/index.php?rest_route=%2Fwp%2Fv2%2Ftags&post=8346"}],"curies":[{"name":"wp","href":"https:\/\/api.w.org\/{rel}","templated":true}]}}