{"id":8384,"date":"2026-03-11T14:42:00","date_gmt":"2026-03-11T14:42:00","guid":{"rendered":"https:\/\/agrupamento.dpedro.net\/?p=8384"},"modified":"2026-03-11T21:22:43","modified_gmt":"2026-03-11T21:22:43","slug":"gabi-vai-a-escola-igualdade-e-prevencao-da-violencia-em-contexto-escolar","status":"publish","type":"post","link":"https:\/\/agrupamento.dpedro.net\/?p=8384","title":{"rendered":"Gabi vai \u00e0 escola! Igualdade e Preven\u00e7\u00e3o da Viol\u00eancia em Contexto Escolar\u201d"},"content":{"rendered":"\n<p>O projeto \u201cGabi vai \u00e0 escola! Igualdade e Preven\u00e7\u00e3o da Viol\u00eancia em Contexto Escolar\u201d, promovido pela C\u00e2mara Municipal de Vila Nova de Gaia, est\u00e1 a ser desenvolvido em v\u00e1rios agrupamentos, incluindo o Agrupamento de Escolas D. Pedro I durante o ano letivo 2025\/2026.<br>A iniciativa tem como objetivo promover, desde cedo, valores como a igualdade, o respeito e a inclus\u00e3o, contribuindo para a preven\u00e7\u00e3o da viol\u00eancia em contexto escolar. Ao longo das sess\u00f5es s\u00e3o abordadas tem\u00e1ticas como gest\u00e3o de emo\u00e7\u00f5es, direitos humanos, interculturalidade e conviv\u00eancia respeitadora.<br>Dirigido a alunos do 3.\u00ba e 4.\u00ba ano, o projeto integra 12 sess\u00f5es din\u00e2micas, baseadas em metodologias participativas e de aprendizagem experiencial. Atrav\u00e9s da hist\u00f3ria das personagens Gabi e Lia, acompanhadas pela mascote do projeto, bem como de atividades l\u00fadico-pedag\u00f3gicas e momentos de reflex\u00e3o, as crian\u00e7as s\u00e3o incentivadas a desenvolver compet\u00eancias socioemocionais, empatia e sentido de cidadania.<br>No Agrupamento de Escolas D. Pedro I, o projeto envolve 19 turmas, abrangendo cerca de 400 crian\u00e7as.<br>\u2728 Porque educar para a igualdade e para o respeito come\u00e7a desde cedo.<\/p>\n\n\n\n<figure class=\"wp-block-gallery has-nested-images columns-default is-cropped wp-block-gallery-1 is-layout-flex wp-block-gallery-is-layout-flex\">\n<figure class=\"wp-block-image size-large\"><img fetchpriority=\"high\" decoding=\"async\" width=\"1024\" height=\"461\" data-id=\"8385\" src=\"https:\/\/agrupamento.dpedro.net\/wp-content\/uploads\/2026\/03\/WhatsApp-Image-2026-03-11-at-10.33.44-1024x461.jpeg\" alt=\"\" class=\"wp-image-8385\" srcset=\"https:\/\/agrupamento.dpedro.net\/wp-content\/uploads\/2026\/03\/WhatsApp-Image-2026-03-11-at-10.33.44-1024x461.jpeg 1024w, https:\/\/agrupamento.dpedro.net\/wp-content\/uploads\/2026\/03\/WhatsApp-Image-2026-03-11-at-10.33.44-300x135.jpeg 300w, https:\/\/agrupamento.dpedro.net\/wp-content\/uploads\/2026\/03\/WhatsApp-Image-2026-03-11-at-10.33.44-768x346.jpeg 768w, https:\/\/agrupamento.dpedro.net\/wp-content\/uploads\/2026\/03\/WhatsApp-Image-2026-03-11-at-10.33.44-1536x691.jpeg 1536w, https:\/\/agrupamento.dpedro.net\/wp-content\/uploads\/2026\/03\/WhatsApp-Image-2026-03-11-at-10.33.44.jpeg 2000w\" sizes=\"(max-width: 1024px) 100vw, 1024px\" \/><\/figure>\n\n\n\n<figure class=\"wp-block-image size-large\"><img decoding=\"async\" width=\"1024\" height=\"461\" data-id=\"8386\" src=\"https:\/\/agrupamento.dpedro.net\/wp-content\/uploads\/2026\/03\/WhatsApp-Image-2026-03-11-at-10.33.44-1-1024x461.jpeg\" alt=\"\" class=\"wp-image-8386\" srcset=\"https:\/\/agrupamento.dpedro.net\/wp-content\/uploads\/2026\/03\/WhatsApp-Image-2026-03-11-at-10.33.44-1-1024x461.jpeg 1024w, https:\/\/agrupamento.dpedro.net\/wp-content\/uploads\/2026\/03\/WhatsApp-Image-2026-03-11-at-10.33.44-1-300x135.jpeg 300w, https:\/\/agrupamento.dpedro.net\/wp-content\/uploads\/2026\/03\/WhatsApp-Image-2026-03-11-at-10.33.44-1-768x346.jpeg 768w, https:\/\/agrupamento.dpedro.net\/wp-content\/uploads\/2026\/03\/WhatsApp-Image-2026-03-11-at-10.33.44-1-1536x691.jpeg 1536w, https:\/\/agrupamento.dpedro.net\/wp-content\/uploads\/2026\/03\/WhatsApp-Image-2026-03-11-at-10.33.44-1.jpeg 2000w\" sizes=\"(max-width: 1024px) 100vw, 1024px\" \/><\/figure>\n<\/figure>\n","protected":false},"excerpt":{"rendered":"<p>Projeto promovido pela C\u00e2mara Municipal de Vila Nova de Gaia<\/p>\n","protected":false},"author":1,"featured_media":8385,"comment_status":"closed","ping_status":"open","sticky":false,"template":"","format":"standard","meta":{"pagelayer_contact_templates":[],"_pagelayer_content":"","footnotes":""},"categories":[170,142],"tags":[],"class_list":["post-8384","post","type-post","status-publish","format-standard","has-post-thumbnail","hentry","category-eventos","category-noticias-2"],"_links":{"self":[{"href":"https:\/\/agrupamento.dpedro.net\/index.php?rest_route=\/wp\/v2\/posts\/8384","targetHints":{"allow":["GET"]}}],"collection":[{"href":"https:\/\/agrupamento.dpedro.net\/index.php?rest_route=\/wp\/v2\/posts"}],"about":[{"href":"https:\/\/agrupamento.dpedro.net\/index.php?rest_route=\/wp\/v2\/types\/post"}],"author":[{"embeddable":true,"href":"https:\/\/agrupamento.dpedro.net\/index.php?rest_route=\/wp\/v2\/users\/1"}],"replies":[{"embeddable":true,"href":"https:\/\/agrupamento.dpedro.net\/index.php?rest_route=%2Fwp%2Fv2%2Fcomments&post=8384"}],"version-history":[{"count":1,"href":"https:\/\/agrupamento.dpedro.net\/index.php?rest_route=\/wp\/v2\/posts\/8384\/revisions"}],"predecessor-version":[{"id":8387,"href":"https:\/\/agrupamento.dpedro.net\/index.php?rest_route=\/wp\/v2\/posts\/8384\/revisions\/8387"}],"wp:featuredmedia":[{"embeddable":true,"href":"https:\/\/agrupamento.dpedro.net\/index.php?rest_route=\/wp\/v2\/media\/8385"}],"wp:attachment":[{"href":"https:\/\/agrupamento.dpedro.net\/index.php?rest_route=%2Fwp%2Fv2%2Fmedia&parent=8384"}],"wp:term":[{"taxonomy":"category","embeddable":true,"href":"https:\/\/agrupamento.dpedro.net\/index.php?rest_route=%2Fwp%2Fv2%2Fcategories&post=8384"},{"taxonomy":"post_tag","embeddable":true,"href":"https:\/\/agrupamento.dpedro.net\/index.php?rest_route=%2Fwp%2Fv2%2Ftags&post=8384"}],"curies":[{"name":"wp","href":"https:\/\/api.w.org\/{rel}","templated":true}]}}