{"id":8388,"date":"2026-03-14T12:16:34","date_gmt":"2026-03-14T12:16:34","guid":{"rendered":"https:\/\/agrupamento.dpedro.net\/?p=8388"},"modified":"2026-03-14T12:16:34","modified_gmt":"2026-03-14T12:16:34","slug":"dia-internacional-da-matematica","status":"publish","type":"post","link":"https:\/\/agrupamento.dpedro.net\/?p=8388","title":{"rendered":"Dia Internacional da Matem\u00e1tica"},"content":{"rendered":"\n<p>O Agrupamento de Escolas D. Pedro I celebra o Dia Internacional da Matem\u00e1tica | 14 de mar\u00e7o de 2026 | Steam for All<br>O Dia Internacional da Matem\u00e1tica celebra-se a 14 de mar\u00e7o (3\/14 no formato anglo-sax\u00f3nico) em homenagem ao n\u00famero Pi (\u03c0 \u2248 3,14), uma das constantes matem\u00e1ticas mais fascinantes e importantes, que relaciona o per\u00edmetro de qualquer c\u00edrculo com o seu di\u00e2metro.<br>Em torno deste dia especial, o nosso Agrupamento promoveu diversas atividades para despertar o entusiasmo pela Matem\u00e1tica e celebrar a sua beleza e utilidade. Est\u00e1 patente uma exposi\u00e7\u00e3o de trabalhos dos alunos sobre o n\u00famero Pi, onde podem descobrir a criatividade dos nossos estudantes.<br>Convidamos toda a comunidade educativa a visitar a exposi\u00e7\u00e3o e a partilhar connosco a magia dos n\u00fameros! <\/p>\n\n\n\n<p>#DiaInternacionalDaMatem\u00e1tica #PiDay #SteamForAll #AEDPedroI<\/p>\n\n\n\n<figure style=\"margin-top:0;margin-right:0;margin-bottom:0;padding-top:var(--wp--preset--spacing--30);padding-bottom:var(--wp--preset--spacing--30)\" class=\"wp-block-video\"><video autoplay controls muted poster=\"https:\/\/agrupamento.dpedro.net\/wp-content\/uploads\/2026\/03\/Captura-de-ecra-2026-03-14-as-12.14.46.png\" src=\"https:\/\/agrupamento.dpedro.net\/wp-content\/uploads\/2026\/03\/WhatsApp-Video-2026-03-13-at-19.49.54.mp4\"><\/video><\/figure>\n","protected":false},"excerpt":{"rendered":"<p>O Agrupamento de Escolas D. Pedro I celebra o Dia Internacional da Matem\u00e1tica | 14 de mar\u00e7o de 2026 | Steam for All<\/p>\n","protected":false},"author":1,"featured_media":8390,"comment_status":"closed","ping_status":"open","sticky":false,"template":"","format":"standard","meta":{"pagelayer_contact_templates":[],"_pagelayer_content":"","footnotes":""},"categories":[170,142],"tags":[],"class_list":["post-8388","post","type-post","status-publish","format-standard","has-post-thumbnail","hentry","category-eventos","category-noticias-2"],"_links":{"self":[{"href":"https:\/\/agrupamento.dpedro.net\/index.php?rest_route=\/wp\/v2\/posts\/8388","targetHints":{"allow":["GET"]}}],"collection":[{"href":"https:\/\/agrupamento.dpedro.net\/index.php?rest_route=\/wp\/v2\/posts"}],"about":[{"href":"https:\/\/agrupamento.dpedro.net\/index.php?rest_route=\/wp\/v2\/types\/post"}],"author":[{"embeddable":true,"href":"https:\/\/agrupamento.dpedro.net\/index.php?rest_route=\/wp\/v2\/users\/1"}],"replies":[{"embeddable":true,"href":"https:\/\/agrupamento.dpedro.net\/index.php?rest_route=%2Fwp%2Fv2%2Fcomments&post=8388"}],"version-history":[{"count":1,"href":"https:\/\/agrupamento.dpedro.net\/index.php?rest_route=\/wp\/v2\/posts\/8388\/revisions"}],"predecessor-version":[{"id":8391,"href":"https:\/\/agrupamento.dpedro.net\/index.php?rest_route=\/wp\/v2\/posts\/8388\/revisions\/8391"}],"wp:featuredmedia":[{"embeddable":true,"href":"https:\/\/agrupamento.dpedro.net\/index.php?rest_route=\/wp\/v2\/media\/8390"}],"wp:attachment":[{"href":"https:\/\/agrupamento.dpedro.net\/index.php?rest_route=%2Fwp%2Fv2%2Fmedia&parent=8388"}],"wp:term":[{"taxonomy":"category","embeddable":true,"href":"https:\/\/agrupamento.dpedro.net\/index.php?rest_route=%2Fwp%2Fv2%2Fcategories&post=8388"},{"taxonomy":"post_tag","embeddable":true,"href":"https:\/\/agrupamento.dpedro.net\/index.php?rest_route=%2Fwp%2Fv2%2Ftags&post=8388"}],"curies":[{"name":"wp","href":"https:\/\/api.w.org\/{rel}","templated":true}]}}