{"id":8440,"date":"2026-04-02T17:20:00","date_gmt":"2026-04-02T17:20:00","guid":{"rendered":"https:\/\/agrupamento.dpedro.net\/?p=8440"},"modified":"2026-04-02T20:45:41","modified_gmt":"2026-04-02T20:45:41","slug":"dia-internacional-do-livro-infantil","status":"publish","type":"post","link":"https:\/\/agrupamento.dpedro.net\/?p=8440","title":{"rendered":"Dia Internacional do Livro Infantil"},"content":{"rendered":"\n<p>Hoje, no Dia Internacional do Livro Infantil, celebramos o poder das hist\u00f3rias que nos fazem sonhar, crescer e sentir.<\/p>\n\n\n\n<p>Recordamos a nossa Semana da Leitura e guardamos a alegria dos momentos vividos nas salas de aula.<\/p>\n\n\n\n<p>A Biblioteca do AE D. Pedro I (Sede), os professores de Portugu\u00eas e todos os docentes envolvidos agradecem a presen\u00e7a e a generosa colabora\u00e7\u00e3o dos Encarregados de Educa\u00e7\u00e3o no projeto \u201cE. Educa\u00e7\u00e3o a ler na sala de aula\u201d.<\/p>\n\n\n\n<p>Porque ler \u00e9 partilhar\u2026 e juntos tornamos as hist\u00f3rias ainda mais especiais.<\/p>\n\n\n\n<p>A Coordenadora da Biblioteca,<br>Sandra Arag\u00e3o<\/p>\n\n\n\n<figure class=\"wp-block-image size-large\"><img fetchpriority=\"high\" decoding=\"async\" width=\"629\" height=\"1024\" src=\"https:\/\/agrupamento.dpedro.net\/wp-content\/uploads\/2026\/04\/WhatsApp-Image-2026-04-02-at-14.08.11-629x1024.jpeg\" alt=\"\" class=\"wp-image-8441\" srcset=\"https:\/\/agrupamento.dpedro.net\/wp-content\/uploads\/2026\/04\/WhatsApp-Image-2026-04-02-at-14.08.11-629x1024.jpeg 629w, https:\/\/agrupamento.dpedro.net\/wp-content\/uploads\/2026\/04\/WhatsApp-Image-2026-04-02-at-14.08.11-184x300.jpeg 184w, https:\/\/agrupamento.dpedro.net\/wp-content\/uploads\/2026\/04\/WhatsApp-Image-2026-04-02-at-14.08.11-768x1250.jpeg 768w, https:\/\/agrupamento.dpedro.net\/wp-content\/uploads\/2026\/04\/WhatsApp-Image-2026-04-02-at-14.08.11.jpeg 900w\" sizes=\"(max-width: 629px) 100vw, 629px\" \/><\/figure>\n","protected":false},"excerpt":{"rendered":"<p>Recordamos a nossa Semana da Leitura e guardamos a alegria dos momentos vividos nas salas de aula.<\/p>\n","protected":false},"author":1,"featured_media":8441,"comment_status":"closed","ping_status":"open","sticky":false,"template":"","format":"standard","meta":{"pagelayer_contact_templates":[],"_pagelayer_content":"","footnotes":""},"categories":[142],"tags":[],"class_list":["post-8440","post","type-post","status-publish","format-standard","has-post-thumbnail","hentry","category-noticias-2"],"_links":{"self":[{"href":"https:\/\/agrupamento.dpedro.net\/index.php?rest_route=\/wp\/v2\/posts\/8440","targetHints":{"allow":["GET"]}}],"collection":[{"href":"https:\/\/agrupamento.dpedro.net\/index.php?rest_route=\/wp\/v2\/posts"}],"about":[{"href":"https:\/\/agrupamento.dpedro.net\/index.php?rest_route=\/wp\/v2\/types\/post"}],"author":[{"embeddable":true,"href":"https:\/\/agrupamento.dpedro.net\/index.php?rest_route=\/wp\/v2\/users\/1"}],"replies":[{"embeddable":true,"href":"https:\/\/agrupamento.dpedro.net\/index.php?rest_route=%2Fwp%2Fv2%2Fcomments&post=8440"}],"version-history":[{"count":1,"href":"https:\/\/agrupamento.dpedro.net\/index.php?rest_route=\/wp\/v2\/posts\/8440\/revisions"}],"predecessor-version":[{"id":8442,"href":"https:\/\/agrupamento.dpedro.net\/index.php?rest_route=\/wp\/v2\/posts\/8440\/revisions\/8442"}],"wp:featuredmedia":[{"embeddable":true,"href":"https:\/\/agrupamento.dpedro.net\/index.php?rest_route=\/wp\/v2\/media\/8441"}],"wp:attachment":[{"href":"https:\/\/agrupamento.dpedro.net\/index.php?rest_route=%2Fwp%2Fv2%2Fmedia&parent=8440"}],"wp:term":[{"taxonomy":"category","embeddable":true,"href":"https:\/\/agrupamento.dpedro.net\/index.php?rest_route=%2Fwp%2Fv2%2Fcategories&post=8440"},{"taxonomy":"post_tag","embeddable":true,"href":"https:\/\/agrupamento.dpedro.net\/index.php?rest_route=%2Fwp%2Fv2%2Ftags&post=8440"}],"curies":[{"name":"wp","href":"https:\/\/api.w.org\/{rel}","templated":true}]}}