{"id":9066,"date":"2026-09-02T21:15:37","date_gmt":"2026-09-02T21:15:37","guid":{"rendered":"https:\/\/agrupamento.dpedro.net\/?p=9066"},"modified":"2026-09-02T21:15:37","modified_gmt":"2026-09-02T21:15:37","slug":"conselho-pedagogico-2","status":"publish","type":"post","link":"https:\/\/agrupamento.dpedro.net\/?p=9066","title":{"rendered":"Conselho Pedag\u00f3gico"},"content":{"rendered":"\n<p class=\"wp-block-paragraph\">A primeira reuni\u00e3o do Conselho Pedag\u00f3gico do nosso Agrupamento teve a visita de algumas pessoas importantes, \u00e0s quais muito agrade\u00e7o! Obrigado!!<\/p>\n\n\n\n<figure class=\"wp-block-image aligncenter size-full is-resized\"><img fetchpriority=\"high\" decoding=\"async\" width=\"500\" height=\"169\" src=\"https:\/\/agrupamento.dpedro.net\/wp-content\/uploads\/2026\/09\/WhatsApp-Image-2026-09-02-at-21.51.37.jpeg\" alt=\"\" class=\"wp-image-9067\" style=\"width:634px;height:auto\" srcset=\"https:\/\/agrupamento.dpedro.net\/wp-content\/uploads\/2026\/09\/WhatsApp-Image-2026-09-02-at-21.51.37.jpeg 500w, https:\/\/agrupamento.dpedro.net\/wp-content\/uploads\/2026\/09\/WhatsApp-Image-2026-09-02-at-21.51.37-300x101.jpeg 300w\" sizes=\"(max-width: 500px) 100vw, 500px\" \/><\/figure>\n\n\n\n<p class=\"wp-block-paragraph\"><\/p>\n","protected":false},"excerpt":{"rendered":"<p>1\u00aa Reuni\u00e3o do CP em 2026-2027<\/p>\n","protected":false},"author":1,"featured_media":9067,"comment_status":"closed","ping_status":"closed","sticky":false,"template":"","format":"standard","meta":{"pagelayer_contact_templates":[],"_pagelayer_content":"","footnotes":""},"categories":[142],"tags":[],"class_list":["post-9066","post","type-post","status-publish","format-standard","has-post-thumbnail","hentry","category-noticias-2"],"_links":{"self":[{"href":"https:\/\/agrupamento.dpedro.net\/index.php?rest_route=\/wp\/v2\/posts\/9066","targetHints":{"allow":["GET"]}}],"collection":[{"href":"https:\/\/agrupamento.dpedro.net\/index.php?rest_route=\/wp\/v2\/posts"}],"about":[{"href":"https:\/\/agrupamento.dpedro.net\/index.php?rest_route=\/wp\/v2\/types\/post"}],"author":[{"embeddable":true,"href":"https:\/\/agrupamento.dpedro.net\/index.php?rest_route=\/wp\/v2\/users\/1"}],"replies":[{"embeddable":true,"href":"https:\/\/agrupamento.dpedro.net\/index.php?rest_route=%2Fwp%2Fv2%2Fcomments&post=9066"}],"version-history":[{"count":1,"href":"https:\/\/agrupamento.dpedro.net\/index.php?rest_route=\/wp\/v2\/posts\/9066\/revisions"}],"predecessor-version":[{"id":9068,"href":"https:\/\/agrupamento.dpedro.net\/index.php?rest_route=\/wp\/v2\/posts\/9066\/revisions\/9068"}],"wp:featuredmedia":[{"embeddable":true,"href":"https:\/\/agrupamento.dpedro.net\/index.php?rest_route=\/wp\/v2\/media\/9067"}],"wp:attachment":[{"href":"https:\/\/agrupamento.dpedro.net\/index.php?rest_route=%2Fwp%2Fv2%2Fmedia&parent=9066"}],"wp:term":[{"taxonomy":"category","embeddable":true,"href":"https:\/\/agrupamento.dpedro.net\/index.php?rest_route=%2Fwp%2Fv2%2Fcategories&post=9066"},{"taxonomy":"post_tag","embeddable":true,"href":"https:\/\/agrupamento.dpedro.net\/index.php?rest_route=%2Fwp%2Fv2%2Ftags&post=9066"}],"curies":[{"name":"wp","href":"https:\/\/api.w.org\/{rel}","templated":true}]}}